{"id":458,"date":"2024-08-06T14:21:06","date_gmt":"2024-08-06T12:21:06","guid":{"rendered":"https:\/\/www.esernyos.hu\/obudaisorfesztival\/?p=458"},"modified":"2024-08-06T14:21:06","modified_gmt":"2024-08-06T12:21:06","slug":"foti-kezmuves-sorfozde","status":"publish","type":"post","link":"https:\/\/www.esernyos.hu\/obudaisorfesztival\/foti-kezmuves-sorfozde\/","title":{"rendered":"F\u00d3TI K\u00c9ZM\u0170VES S\u00d6RF\u0150ZDE"},"content":{"rendered":"<div class=\"page\" title=\"Page 1\">\n<div class=\"section\">\n<div class=\"layoutArea\">\n<div class=\"column\">\n<p>A fo\u0301ti u\u0308zem egy referenciau\u0308zem volt, amely a ke\u0301so\u030bbbiekben akti\u0301v so\u0308rgya\u0301rta\u0301sba kezdett e\u0301s olyan ikonikus ke\u0301zmu\u030bves so\u0308ro\u0308k gya\u0301rto\u0301ja lett, mint a Keseru\u030b Me\u0301z vagy a Fo\u0301ti Zwickl. A 2000-es e\u0301vek ve\u0301ge\u0301n elindult so\u0308rforradalomhoz csatlakozva elkezdtu\u0308nk olyan so\u0308rku\u0308lo\u0308nlegesse\u0301geket is ke\u0301szi\u0301teni, amelyekkel hazai so\u0308rgya\u0301rak terme\u0301kei ko\u0308zo\u0308tt nem lehet tala\u0301lkozni. Az u\u0308zem egy Osterbra\u0308u rendszeru\u030b so\u0308rfo\u030bzde, amely 120 m2-en teru\u0308l el e\u0301s 1200 liter a napi kapacita\u0301sa, ami ko\u0308zepes me\u0301retu\u030bnek sza\u0301mi\u0301t a kisebb so\u0308rgya\u0301rak ko\u0308zo\u0308tt. A folyamatos fo\u030bze\u0301snek ko\u0308szo\u0308nheto\u030ben 4-5 fe\u0301le so\u0308rt ki\u0301na\u0301lunk a\u0301llando\u0301 jelleggel, de teljes paletta\u0301nk ko\u0308zel 20 ti\u0301pust sza\u0301mla\u0301l. Ke\u0301zmu\u030bves So\u0308rfo\u030bzde re\u0301ve\u0301n a gya\u0301rta\u0301s szinte teljes re\u0301sze ge\u0301pek ne\u0301lku\u0308l, ke\u0301zzel to\u0308rte\u0301nik. Ke\u0301zzel to\u0308ltju\u0308k, ci\u0301mke\u0301zzu\u0308k az u\u0308vegeinket e\u0301s a so\u0308rfo\u030bze\u0301s is so\u0308rfo\u030bzo\u030bmesterek keze a\u0301ltal ke\u0301szu\u0308l. A mino\u030bse\u0301gi alapanyagok e\u0301s a nagy szake\u0301rtelem az, ami ilyen sikeresse\u0301 tette az u\u0308zemu\u0308nket.<\/p>\n<\/div>\n<\/div>\n<\/div>\n<\/div>\n","protected":false},"excerpt":{"rendered":"<p>A fo\u0301ti u\u0308zem egy referenciau\u0308zem volt, amely a ke\u0301so\u030bbbiekben akti\u0301v so\u0308rgya\u0301rta\u0301sba kezdett e\u0301s olyan ikonikus ke\u0301zmu\u030bves so\u0308ro\u0308k gya\u0301rto\u0301ja lett, mint a Keseru\u030b Me\u0301z vagy a Fo\u0301ti Zwickl. A 2000-es e\u0301vek [&hellip;]<\/p>\n","protected":false},"author":1,"featured_media":0,"comment_status":"closed","ping_status":"closed","sticky":false,"template":"","format":"standard","meta":{"footnotes":""},"categories":[6],"tags":[],"class_list":["post-458","post","type-post","status-publish","format-standard","hentry","category-sorfozdek"],"_links":{"self":[{"href":"https:\/\/www.esernyos.hu\/obudaisorfesztival\/wp-json\/wp\/v2\/posts\/458","targetHints":{"allow":["GET"]}}],"collection":[{"href":"https:\/\/www.esernyos.hu\/obudaisorfesztival\/wp-json\/wp\/v2\/posts"}],"about":[{"href":"https:\/\/www.esernyos.hu\/obudaisorfesztival\/wp-json\/wp\/v2\/types\/post"}],"author":[{"embeddable":true,"href":"https:\/\/www.esernyos.hu\/obudaisorfesztival\/wp-json\/wp\/v2\/users\/1"}],"replies":[{"embeddable":true,"href":"https:\/\/www.esernyos.hu\/obudaisorfesztival\/wp-json\/wp\/v2\/comments?post=458"}],"version-history":[{"count":1,"href":"https:\/\/www.esernyos.hu\/obudaisorfesztival\/wp-json\/wp\/v2\/posts\/458\/revisions"}],"predecessor-version":[{"id":459,"href":"https:\/\/www.esernyos.hu\/obudaisorfesztival\/wp-json\/wp\/v2\/posts\/458\/revisions\/459"}],"wp:attachment":[{"href":"https:\/\/www.esernyos.hu\/obudaisorfesztival\/wp-json\/wp\/v2\/media?parent=458"}],"wp:term":[{"taxonomy":"category","embeddable":true,"href":"https:\/\/www.esernyos.hu\/obudaisorfesztival\/wp-json\/wp\/v2\/categories?post=458"},{"taxonomy":"post_tag","embeddable":true,"href":"https:\/\/www.esernyos.hu\/obudaisorfesztival\/wp-json\/wp\/v2\/tags?post=458"}],"curies":[{"name":"wp","href":"https:\/\/api.w.org\/{rel}","templated":true}]}}